{"id":3550,"date":"2017-11-30T12:38:24","date_gmt":"2017-11-30T11:38:24","guid":{"rendered":"http:\/\/hakrilas.no\/blogg\/?p=3550"},"modified":"2017-11-30T12:38:24","modified_gmt":"2017-11-30T11:38:24","slug":"elvis-og-den-forvillede-finken-pa-katteveradaen-og-snart-arets-siste-katteutstilling","status":"publish","type":"post","link":"http:\/\/hakrilas.no\/blogg\/?p=3550","title":{"rendered":"ELVIS OG DEN FORVILLEDE FINKEN P\u00c5 KATTEVERADAEN, OG SNART \u00c5RETS SISTE KATTEUTSTILLING :)"},"content":{"rendered":"<p>Sitter enda v\u00e5ken, og pr\u00f8ver roe operasjonssmertene i h\u00e5nda f\u00f8r jeg legger meg. Operasjonssmertene kommer om kvelden. N\u00e5 har jeg brukt h\u00e5nda mer, og det merkes n\u00e5r kvelden kommer.<br \/>\n&nbsp;<br \/>\n&nbsp;<br \/>\nI helgen som kommer er det klart for \u00e5rets siste katteutstilling, og denne gang er det Adelkatten sin juleutstilling i Letohallen p\u00e5 Dal ved Eidsvoll \ud83d\ude42 Jeg gleder meg kjempemasse \ud83d\ude42 Jeg skal stille Elvis og Dixie denne gangen. Er litt usikker p\u00e5 om jeg skal stille Nadina. Hun er litt for tynn, og er ikke i pelskondisjon. L\u00f8petiden hennes denne h\u00f8sten har t\u00e6ret p\u00e5 pelsen hennes.<br \/>\n&nbsp;<br \/>\n&nbsp;<br \/>\nDet skal bli kjempekoselig \u00e5 treffe igjen mine abyssiner- og somalivenner og andre rasekattvenner, og denne utstillingen er blitt en tradisjon for mange av oss utstillere \ud83d\ude42<br \/>\n&nbsp;<br \/>\n&nbsp;<br \/>\nPlanen er \u00e5 kj\u00f8re i rett tid (f\u00f8r kl.12.00) p\u00e5 fredag, slik at jeg kommer til hotellet i rett tid slik at jeg f\u00e5r slappet av p\u00e5 hotellerommet \ud83d\ude42<br \/>\n&nbsp;<br \/>\n&nbsp;<br \/>\nAdelkatten sin juleutstilling er alltid kjempekoselig, og det er julestemning der \ud83d\ude42<br \/>\n&nbsp;<br \/>\n&nbsp;<br \/>\nI kveld har mannen min og jeg badet Elvis og Dixie, og det gjorde dem godt. De trengte det badet, og de har begge to r\u00f8ytet en god del denne h\u00f8sten.<br \/>\n&nbsp;<br \/>\n&nbsp;<br \/>\nI morgen skal jeg begynne \u00e5 pakke utstillingskofferten til kattene og kofferten min. Jeg har bestilt ny burgardin til burene til Elvis og Dixie, og de f\u00e5r jeg p\u00e5 utstillingen her slik at de kan tas i bruk. De var kjempefine. Jeg fikk bilder av av dem fra hun som har sydd dem \ud83d\ude42 Jeg gleder meg til \u00e5 f\u00e5 dem \ud83d\ude42<br \/>\n&nbsp;<br \/>\n&nbsp;<br \/>\nJeg kommer til \u00e5 snappe fra utstillingshelgen, og jeg kommer til \u00e5 legge ut bilder p\u00e5 instagram. Dersom dere har lyst \u00e5 f\u00f8lge meg p\u00e5 snap er brukernavnet mitt: abyhakrilas<br \/>\n&nbsp;<br \/>\n&nbsp;<br \/>\nP\u00e5 insta finner dere meg her: <a href=\"https:\/\/www.instagram.com\/abynadina\/\">abynadina<\/a><br \/>\n&nbsp;<br \/>\n&nbsp;<br \/>\nKommer til \u00e5 ta bilder p\u00e5 utstillingen som jeg kommer til \u00e5 dele med dere neste uke \ud83d\ude42<br \/>\n&nbsp;<br \/>\n&nbsp;<br \/>\nI g\u00e5r hadde jeg en kjempemorsom opplevelse. En liten fugl (fink tror jeg) hadde greid \u00e5 komme seg gjennom en maske p\u00e5 nettingen inn til katteverandaen. Det oppdaget Elvis, og han satt i vinduet. Tennene hans klapret i munnen. Jeg tenkte at jeg m\u00e5tte jo g\u00e5 ut p\u00e5 verandaen for \u00e5 pr\u00f8ve \u00e5 f\u00e5 ut den stakkars fuglen som ikke skj\u00f8nte hvordan den kunne komme seg ut igjen. Planen min var \u00e5 \u00e5pne nettingd\u00f8ren slik at fuglen kunne fly ut.<br \/>\n&nbsp;<br \/>\n&nbsp;<br \/>\nI det jeg \u00e5pner d\u00f8ren til verandaen smatt Elvis gjennom d\u00f8ren og ut p\u00e5 verandaen. Han ble helt spennvill, og stakkars fuglen livredd. Elvis sprang frem og tilbake som en villkanin, og klatret i nettingen for \u00e5 pr\u00f8ve \u00e5 komme seg opp. Den stakkars livredde fuglen holdt seg heldigvis oppe under verandataket til de som bor over oss. Bedre ble det ikke da en annen mink satte seg p\u00e5 nettingen utenfor katteverandaen.<br \/>\n&nbsp;<br \/>\n&nbsp;<br \/>\nDet endte godt til slutt. Elvis kom inn, og fulgen fant veien ut gjennom en maske i nettingen. Gjett om Elvis var forn\u00e6ret da han kom inn? Tenk \u00e5 ha maten  s\u00e5 n\u00e6r, men fikk ikke ta den! Dumme, dumme matmor \ud83d\ude42<br \/>\n&nbsp;<br \/>\n&nbsp;<\/p>\n<p style=\"text-align: center;\"><iframe loading=\"lazy\" width=\"560\" height=\"315\" src=\"https:\/\/www.youtube.com\/embed\/-EhA4lsu6Ew\" frameborder=\"0\" allowfullscreen><\/iframe><\/p>\n<p style=\"text-align: center;\">Et videoopptak jeg tok av Elvis og fuglen ute p\u00e5 verandaen \ud83d\ude42 <\/p>\n<p>&nbsp;<br \/>\n&nbsp;<\/p>\n<p style=\"text-align: center;\"><img loading=\"lazy\" decoding=\"async\" src=\"http:\/\/www.torilkremmervik.no\/blogg\/wp-content\/uploads\/2017\/11\/261117_dixie_pledd4.jpg\" alt=\"\" width=\"400\" height=\"398\" class=\"aligncenter size-full wp-image-6084\" \/><\/p>\n<p style=\"text-align: center;\">Godpusejenta Dixie Rose slapper av p\u00e5 pleddet <3 :) <\/p>\n<div class=\"linkwithin_hook\" id=\"http:\/\/hakrilas.no\/blogg\/?p=3550\"><\/div><script>\n<!-- \/\/LinkWithinCodeStart\nvar linkwithin_site_id = 1288025;\nvar linkwithin_div_class = \"linkwithin_hook\";\n\/\/LinkWithinCodeEnd -->\n<\/script>\n<script src=\"http:\/\/www.linkwithin.com\/widget.js\"><\/script>\n<a href=\"http:\/\/www.linkwithin.com\/\"><img decoding=\"async\" src=\"http:\/\/www.linkwithin.com\/pixel.png\" alt=\"Related Posts Plugin for WordPress, Blogger...\" style=\"border: 0\" \/><\/a>","protected":false},"excerpt":{"rendered":"<p>Sitter enda v\u00e5ken, og pr\u00f8ver roe operasjonssmertene i h\u00e5nda f\u00f8r jeg legger meg. Operasjonssmertene kommer om kvelden. N\u00e5 har jeg brukt h\u00e5nda mer, og det merkes n\u00e5r kvelden kommer. &nbsp; &nbsp; I helgen som kommer er det klart for \u00e5rets &hellip; <a href=\"http:\/\/hakrilas.no\/blogg\/?p=3550\">Les videre <span class=\"meta-nav\">&rarr;<\/span><\/a><\/p>\n<script>\n<!-- \/\/LinkWithinCodeStart\nvar linkwithin_site_id = 1288025;\nvar linkwithin_div_class = \"linkwithin_hook\";\n\/\/LinkWithinCodeEnd -->\n<\/script>\n<script src=\"http:\/\/www.linkwithin.com\/widget.js\"><\/script>\n<a href=\"http:\/\/www.linkwithin.com\/\"><img decoding=\"async\" src=\"http:\/\/www.linkwithin.com\/pixel.png\" alt=\"Related Posts Plugin for WordPress, Blogger...\" style=\"border: 0\" \/><\/a>","protected":false},"author":1,"featured_media":0,"comment_status":"open","ping_status":"open","sticky":false,"template":"","format":"standard","meta":{"footnotes":""},"categories":[1059],"tags":[302,111,545,361,363,946,373,945,277,367],"class_list":["post-3550","post","type-post","status-publish","format-standard","hentry","category-elvis-og-finken","tag-n-hakrilas-dixie-rose","tag-abyssiner","tag-abyssineroppdrett","tag-adelkattens-juleutstilling","tag-bilder","tag-dal","tag-katter","tag-letohallen","tag-sskimmerdals-elvis","tag-video"],"aioseo_notices":[],"_links":{"self":[{"href":"http:\/\/hakrilas.no\/blogg\/index.php?rest_route=\/wp\/v2\/posts\/3550","targetHints":{"allow":["GET"]}}],"collection":[{"href":"http:\/\/hakrilas.no\/blogg\/index.php?rest_route=\/wp\/v2\/posts"}],"about":[{"href":"http:\/\/hakrilas.no\/blogg\/index.php?rest_route=\/wp\/v2\/types\/post"}],"author":[{"embeddable":true,"href":"http:\/\/hakrilas.no\/blogg\/index.php?rest_route=\/wp\/v2\/users\/1"}],"replies":[{"embeddable":true,"href":"http:\/\/hakrilas.no\/blogg\/index.php?rest_route=%2Fwp%2Fv2%2Fcomments&post=3550"}],"version-history":[{"count":1,"href":"http:\/\/hakrilas.no\/blogg\/index.php?rest_route=\/wp\/v2\/posts\/3550\/revisions"}],"predecessor-version":[{"id":3551,"href":"http:\/\/hakrilas.no\/blogg\/index.php?rest_route=\/wp\/v2\/posts\/3550\/revisions\/3551"}],"wp:attachment":[{"href":"http:\/\/hakrilas.no\/blogg\/index.php?rest_route=%2Fwp%2Fv2%2Fmedia&parent=3550"}],"wp:term":[{"taxonomy":"category","embeddable":true,"href":"http:\/\/hakrilas.no\/blogg\/index.php?rest_route=%2Fwp%2Fv2%2Fcategories&post=3550"},{"taxonomy":"post_tag","embeddable":true,"href":"http:\/\/hakrilas.no\/blogg\/index.php?rest_route=%2Fwp%2Fv2%2Ftags&post=3550"}],"curies":[{"name":"wp","href":"https:\/\/api.w.org\/{rel}","templated":true}]}}