{"id":3443,"date":"2017-09-07T18:46:39","date_gmt":"2017-09-07T16:46:39","guid":{"rendered":"http:\/\/hakrilas.no\/blogg\/?p=3443"},"modified":"2017-09-07T18:46:39","modified_gmt":"2017-09-07T16:46:39","slug":"bilder-fra-vestkystkatten-sin-internasjonale-katteutstilling","status":"publish","type":"post","link":"http:\/\/hakrilas.no\/blogg\/?p=3443","title":{"rendered":"BILDER FRA VESTKYSTKATTEN SIN INTERNASJONALE KATTEUTSTILLING :)"},"content":{"rendered":"<p>02.09 &#8211; 03.09.2017 var det duket for Vestkystkatten sin internasjonale utstilling i Nordvesthallen. Av kattene mine hadde jeg med meg Nadina som stilte i veteranklassen (katter fylt 7 \u00e5r og eldre) og datteren Dixie som stiller som kastrat.<br \/>\n&nbsp;<br \/>\n&nbsp;<br \/>\nJeg startet fra Trondheim ca. kl.12.00, og kom frem til hotellet ca.15.15. Jeg er kjempeimponert over kattene mine, for de er s\u00e5 rolige og flinke n\u00e5r vi kj\u00f8rer bil. De l\u00e5 og sov hele veien frem til Kristiansund \ud83d\ude42 Slik er det alltid med kattene mine. Jeg har kj\u00f8rt i 7 timer ned til Eidsvoll p\u00e5 utstilling, og kattene har v\u00e6rt stille helt fra vi begynte kj\u00f8returen til vi kom frem. N\u00e5 skal sant sies at kattene v\u00e5re har v\u00e6rt vant \u00e5 kj\u00f8re bil fra de var sm\u00e5, og den treningen hjelper p\u00e5. Jeg tror de f\u00f8ler at det er trygt og godt i transportburene sine \ud83d\ude42<br \/>\n&nbsp;<br \/>\n&nbsp;<br \/>\nFikk hotellrommet jeg skulle bo p\u00e5, og pakket ut. Om ettermiddagen og kvelden slappet jeg av og tok det med ro. Ei venninne av meg som jeg gikk p\u00e5 gymnaset med (Mona Elisabeth) kom innom hotellrommet p\u00e5 bes\u00f8k. Vi satt og pratet, og hadde det kjempekoselig \ud83d\ude42 Kjempeg\u00f8y \u00e5 se igjen Mona Elisabeth &lt;3 \ud83d\ude42<br \/>\n&nbsp;<br \/>\n&nbsp;<br \/>\nGikk og la meg kl.23.00, og stod opp kl.04.30 p\u00e5 l\u00f8rdagsmorgen. Ordnet meg i stand, fikk kattene i transportburene og gikk ned for \u00e5 spise hotellfrokost. Kl.07.00 kj\u00f8rte jeg avg\u00e5rde til utstillinghallen. Kl.07.30 var det veterin\u00e6rkontroll og innsjekk. Fikk hengt opp burpynten og satt kattene i utstillingsburene. S\u00e5 var det bare \u00e5 ta en kopp kaffe, slappe av og vente p\u00e5 at selv grunnbed\u00f8mmelsen skulle begynne \ud83d\ude42<br \/>\n&nbsp;<br \/>\n&nbsp;<br \/>\nJeg tok selvf\u00f8lgelig bilder som jeg har lyst \u00e5 dele med dere, og jeg h\u00e5per dere liker bildene mine \ud83d\ude42\u00a0<br \/>\n&nbsp;<br \/>\n&nbsp;<\/p>\n<p style=\"text-align: center;\">\n<p><img loading=\"lazy\" decoding=\"async\" src=\"http:\/\/www.torilkremmervik.no\/blogg\/wp-content\/uploads\/2017\/09\/030917_utstillingshallen1a.jpg\" alt=\"\" width=\"640\" height=\"480\" class=\"aligncenter size-full wp-image-5864\" \/><\/p>\n<p style=\"text-align: center;\">Nordvesthallen fylt med katter, utstillere og publikummere \ud83d\ude42<\/p>\n<p>&nbsp;<br \/>\n&nbsp;<\/p>\n<p style=\"text-align: center;\"><img loading=\"lazy\" decoding=\"async\" src=\"http:\/\/www.torilkremmervik.no\/blogg\/wp-content\/uploads\/2017\/09\/020917_nadina_bur1a.jpg\" alt=\"\" width=\"400\" height=\"531\" class=\"aligncenter size-full wp-image-5865\" \/><\/p>\n<p style=\"text-align: center;\">Godpusejenta Nadina i utstillingsburet sitt <3 :)<\/p>\n<p>&nbsp;<br \/>\n&nbsp;<\/p>\n<p style=\"text-align: center;\"><img loading=\"lazy\" decoding=\"async\" src=\"http:\/\/www.torilkremmervik.no\/blogg\/wp-content\/uploads\/2017\/09\/020917_dixie_bur1a.jpg\" alt=\"\" width=\"320\" height=\"467\" class=\"aligncenter size-full wp-image-5866\" \/><\/p>\n<p style=\"text-align: center;\">Godpusejenta Dixie i utstillingsburet sitt <3 :)<\/p>\n<p>&nbsp;<br \/>\n&nbsp;<\/p>\n<p style=\"text-align: center;\"><img loading=\"lazy\" decoding=\"async\" src=\"http:\/\/www.torilkremmervik.no\/blogg\/wp-content\/uploads\/2017\/09\/020917_nadina_utstillingsbur1a.jpg\" alt=\"\" width=\"400\" height=\"566\" class=\"aligncenter size-full wp-image-5868\" \/><\/p>\n<p style=\"text-align: center;\">Nadina stilte i veteranklassen for katter som er fylt 7 \u00e5r og oppover. Hun ble bed\u00f8mt av dommer Thea Friskovec. Nadina fikk kjempebra bed\u00f8mmelse, og hun ble Beste veteran \ud83d\ude42<\/p>\n<p>&nbsp;<br \/>\n&nbsp;<\/p>\n<p style=\"text-align: center;\"><img loading=\"lazy\" decoding=\"async\" src=\"http:\/\/www.torilkremmervik.no\/blogg\/wp-content\/uploads\/2017\/09\/020917_dixie_utstillingsbur2a.jpg\" alt=\"\" width=\"512\" height=\"462\" class=\"aligncenter size-full wp-image-5869\" \/><\/p>\n<p style=\"text-align: center;\">Dixie ble bed\u00f8mt av dommer Glenn Sj\u00f6bom, og hun fikk kjempebra bed\u00f8mmelse. Hun fikk sitt 3. CAP-cert, og tok tittelen Premier \ud83d\ude42 I tillegg ble hun NOM (dommerens beste) til panelet \ud83d\ude42<\/p>\n<p>&nbsp;<br \/>\n&nbsp;<\/p>\n<p style=\"text-align: center;\"><img loading=\"lazy\" decoding=\"async\" src=\"http:\/\/www.torilkremmervik.no\/blogg\/wp-content\/uploads\/2017\/09\/020917_dixie_sin_premiersloyfe1a.jpg\" alt=\"\" width=\"200\" height=\"425\" class=\"aligncenter size-full wp-image-5870\" \/><\/p>\n<p style=\"text-align: center;\">Dixie sin kjempefine Premier-sl\u00f8yfe \ud83d\ude42<\/p>\n<p>&nbsp;<br \/>\n&nbsp;<\/p>\n<p style=\"text-align: center;\"><img loading=\"lazy\" decoding=\"async\" src=\"http:\/\/www.torilkremmervik.no\/blogg\/wp-content\/uploads\/2017\/09\/020917_dixie_sin_nomsloyfe1a.jpg\" alt=\"\" width=\"200\" height=\"501\" class=\"aligncenter size-full wp-image-5871\" \/><\/p>\n<p style=\"text-align: center;\">Den kjempefine NOM-sl\u00f8yfen som Dixie fikk \ud83d\ude42<\/p>\n<p>&nbsp;<br \/>\n&nbsp;<\/p>\n<p style=\"text-align: center;\"><img loading=\"lazy\" decoding=\"async\" src=\"http:\/\/www.torilkremmervik.no\/blogg\/wp-content\/uploads\/2017\/09\/020917_nadina_sin_nomsloyfe_og_bissloyfe1a.jpg\" alt=\"\" width=\"320\" height=\"491\" class=\"aligncenter size-full wp-image-5872\" \/><\/p>\n<p style=\"text-align: center;\">Den kjempefine NOM-sl\u00f8yfen og BIS-sl\u00f8yfen som Nadina fikk \ud83d\ude42<\/p>\n<p>&nbsp;<br \/>\n&nbsp;<\/p>\n<p style=\"text-align: center;\"><img loading=\"lazy\" decoding=\"async\" src=\"http:\/\/www.torilkremmervik.no\/blogg\/wp-content\/uploads\/2017\/09\/030917_nadina_utstillingsbur1a.jpg\" alt=\"\" width=\"400\" height=\"502\" class=\"aligncenter size-full wp-image-5874\" \/><\/p>\n<p style=\"text-align: center;\">S\u00f8ndag 03.09.2017 var det en ny dag og nye muligheter for kattene p\u00e5 utstillingen \ud83d\ude42 Her er godpusejenta Nadina i utstillingsburet sitt \ud83d\ude42<\/p>\n<p>&nbsp;<br \/>\n&nbsp;<\/p>\n<p style=\"text-align: center;\"><img loading=\"lazy\" decoding=\"async\" src=\"http:\/\/www.torilkremmervik.no\/blogg\/wp-content\/uploads\/2017\/09\/030917_nadina_bur2a.jpg\" alt=\"\" width=\"320\" height=\"447\" class=\"aligncenter size-full wp-image-5875\" \/><\/p>\n<p style=\"text-align: center;\">Nadina liker kjempegodt at publikum som g\u00e5r forbi kommer bort til utstillingsburet hennes for \u00e5 prate med henne, og da ser hun p\u00e5 dem \ud83d\ude42<\/p>\n<p>&nbsp;<br \/>\n&nbsp;<\/p>\n<p style=\"text-align: center;\"><img loading=\"lazy\" decoding=\"async\" src=\"http:\/\/www.torilkremmervik.no\/blogg\/wp-content\/uploads\/2017\/09\/030917_dixie_bur1a.jpg\" alt=\"\" width=\"400\" height=\"520\" class=\"aligncenter size-full wp-image-5876\" \/><\/p>\n<p style=\"text-align: center;\">Godpusejenta Dixie Rose i utstillingsburet sitt \ud83d\ude42<\/p>\n<p>&nbsp;<br \/>\n&nbsp;<\/p>\n<p style=\"text-align: center;\"><img loading=\"lazy\" decoding=\"async\" src=\"http:\/\/www.torilkremmervik.no\/blogg\/wp-content\/uploads\/2017\/09\/030917_dixie_utstillingsbur1a.jpg\" alt=\"\" width=\"291\" height=\"410\" class=\"aligncenter size-full wp-image-5877\" \/><\/p>\n<p style=\"text-align: center;\">Dixie er ogs\u00e5 kjempesosial p\u00e5 utstillingene, og hun sitter ogs\u00e5 og f\u00f8lger med p\u00e5 alt det som skjer. Hvis det kommer noen publikummere forbi buret hennes, Da stikker hun gjerne hodet frem slik at de kan kose med henne \ud83d\ude42<\/p>\n<p>&nbsp;<br \/>\n&nbsp;<\/p>\n<p style=\"text-align: center;\"><img loading=\"lazy\" decoding=\"async\" src=\"http:\/\/www.torilkremmervik.no\/blogg\/wp-content\/uploads\/2017\/09\/030917_nadina_dommer1a.jpg\" alt=\"\" width=\"400\" height=\"440\" class=\"aligncenter size-full wp-image-5878\" \/><\/p>\n<p style=\"text-align: center;\">S\u00f8ndag 03.09.2017 ble Nadina bed\u00f8mt av dommer Hanne Sneum.<\/p>\n<p>&nbsp;<br \/>\n&nbsp;<\/p>\n<p style=\"text-align: center;\"><img loading=\"lazy\" decoding=\"async\" src=\"http:\/\/www.torilkremmervik.no\/blogg\/wp-content\/uploads\/2017\/09\/030917_nadina_dommer2a.jpg\" alt=\"\" width=\"400\" height=\"403\" class=\"aligncenter size-full wp-image-5879\" \/><\/p>\n<p style=\"text-align: center;\">Nadina fikk kjempebra bed\u00f8mmelse, og hun koste seg under grunnbed\u00f8mmelsen \ud83d\ude42<\/p>\n<p>&nbsp;<br \/>\n&nbsp;<\/p>\n<p style=\"text-align: center;\"><img loading=\"lazy\" decoding=\"async\" src=\"http:\/\/www.torilkremmervik.no\/blogg\/wp-content\/uploads\/2017\/09\/030917_nadina_dommer3a.jpg\" alt=\"\" width=\"400\" height=\"408\" class=\"aligncenter size-full wp-image-5880\" \/><\/p>\n<p style=\"text-align: center;\">Nadina ble igjen NOM til Beste veteran \ud83d\ude42<\/p>\n<p>&nbsp;<br \/>\n&nbsp;<\/p>\n<p style=\"text-align: center;\"><img loading=\"lazy\" decoding=\"async\" src=\"http:\/\/www.torilkremmervik.no\/blogg\/wp-content\/uploads\/2017\/09\/030917_dixie_dommer1a.jpg\" alt=\"\" width=\"512\" height=\"442\" class=\"aligncenter size-full wp-image-5881\" \/><\/p>\n<p style=\"text-align: center;\">S\u00f8ndag 03.09.2017 ble Dixie bed\u00f8mt av dommer Alexey Schoukin.<\/p>\n<p>&nbsp;<br \/>\n&nbsp;<\/p>\n<p style=\"text-align: center;\"><img loading=\"lazy\" decoding=\"async\" src=\"http:\/\/www.torilkremmervik.no\/blogg\/wp-content\/uploads\/2017\/09\/030917_dixie_dommer2a.jpg\" alt=\"\" width=\"512\" height=\"447\" class=\"aligncenter size-full wp-image-5882\" \/><\/p>\n<p style=\"text-align: center;\">Den dommeren er bare helt fantastsik, for han f\u00e5r kattene til \u00e5 presentere seg p\u00e5 en kjempeflott m\u00e5te \ud83d\ude42 Dixie fikk kjempebra bed\u00f8mmelse \ud83d\ude42<\/p>\n<p>&nbsp;<br \/>\n&nbsp;<\/p>\n<p style=\"text-align: center;\"><img loading=\"lazy\" decoding=\"async\" src=\"http:\/\/www.torilkremmervik.no\/blogg\/wp-content\/uploads\/2017\/09\/030917_dixie_dommer3a.jpg\" alt=\"\" width=\"400\" height=\"426\" class=\"aligncenter size-full wp-image-5883\" \/><\/p>\n<p style=\"text-align: center;\">S\u00f8ndag 03.09.2017 fikk Dxie sitt f\u00f8rste CAPIB-cert i sin nye klasse \ud83d\ude42<\/p>\n<p>&nbsp;<br \/>\n&nbsp;<\/p>\n<p style=\"text-align: center;\"><img loading=\"lazy\" decoding=\"async\" src=\"http:\/\/www.torilkremmervik.no\/blogg\/wp-content\/uploads\/2017\/09\/030917_dixie_utstillingsbur_sloyfer1a.jpg\" alt=\"\" width=\"512\" height=\"369\" class=\"aligncenter size-full wp-image-5884\" \/><\/p>\n<p style=\"text-align: center;\">Dixie i utstillingdburet med de kjemepfine sl\u00f8yfene som pynter opp \ud83d\ude42<\/p>\n<p>&nbsp;<br \/>\n&nbsp;<\/p>\n<p style=\"text-align: center;\"><img loading=\"lazy\" decoding=\"async\" src=\"http:\/\/www.torilkremmervik.no\/blogg\/wp-content\/uploads\/2017\/09\/030917_nadina_utstillingsbur_sloyfer1a-1.jpg\" alt=\"\" width=\"640\" height=\"479\" class=\"aligncenter size-full wp-image-5886\" \/><\/p>\n<p style=\"text-align: center;\">Nadina i utstillingsburet sitt med de kjempefine sl\u00f8yfene som pynter opp buret \ud83d\ude42<\/p>\n<p>&nbsp;<br \/>\n&nbsp;<\/p>\n<p style=\"text-align: center;\"><img loading=\"lazy\" decoding=\"async\" src=\"http:\/\/www.torilkremmervik.no\/blogg\/wp-content\/uploads\/2017\/09\/030917_nomsloyfe_dixie_nomsloyfe_og_bissloyfe_nadina1a.jpg\" alt=\"\" width=\"400\" height=\"510\" class=\"aligncenter size-full wp-image-5887\" \/><\/p>\n<p style=\"text-align: center;\">NOM-sl\u00f8yfen til Dixie og to av sl\u00f8yfene til Nadina \ud83d\ude42<\/p>\n<p>&nbsp;<br \/>\n&nbsp;<\/p>\n<p style=\"text-align: center;\"><img loading=\"lazy\" decoding=\"async\" src=\"http:\/\/www.torilkremmervik.no\/blogg\/wp-content\/uploads\/2017\/09\/030917_nadina_sin_bissloyfe1a.jpg\" alt=\"\" width=\"256\" height=\"489\" class=\"aligncenter size-full wp-image-5888\" \/><\/p>\n<p style=\"text-align: center;\">Nadina sin kjempefine BiS-sl\u00f8yfe \ud83d\ude42<\/p>\n<p>&nbsp;<br \/>\n&nbsp;<\/p>\n<p style=\"text-align: center;\"><img loading=\"lazy\" decoding=\"async\" src=\"http:\/\/www.torilkremmervik.no\/blogg\/wp-content\/uploads\/2017\/09\/030917_utstillingsburene_til_dixie_og_nadina1a.jpg\" alt=\"\" width=\"512\" height=\"341\" class=\"aligncenter size-full wp-image-5889\" \/><\/p>\n<p style=\"text-align: center;\">Utstillingsburene som Dixie og Nadina hadde under helgens utstilling \ud83d\ude42<\/p>\n<p>&nbsp;<br \/>\n&nbsp;<br \/>\nI tillegg til BIS-sl\u00f8yfer fikk ogs\u00e5 Nadina t\u00f8rrf\u00f2rposer, en gave fra NRR sin sponsor Agria, en godbitmater og mer \ud83d\ude42 Matmor kj\u00f8rte ikke tomhendt hjem fra Kristiansund \ud83d\ude42\u00a0<br \/>\n&nbsp;<br \/>\n&nbsp;<br \/>\nUtstillingen var ferdig ca.16.30 s\u00f8ndag 03.09.2017, og jeg kom hjem til Trondheim kl.19.45. Det var en kjempeflott utstillinghelg \ud83d\ude42 N\u00e5 gleder jeg meg til neste utstilling som er i Falun i Sverige 30.09 &#8211; 01.10.2017 \ud83d\ude42\u00a0<\/p>\n<div class=\"linkwithin_hook\" id=\"http:\/\/hakrilas.no\/blogg\/?p=3443\"><\/div><script>\n<!-- \/\/LinkWithinCodeStart\nvar linkwithin_site_id = 1288025;\nvar linkwithin_div_class = \"linkwithin_hook\";\n\/\/LinkWithinCodeEnd -->\n<\/script>\n<script src=\"http:\/\/www.linkwithin.com\/widget.js\"><\/script>\n<a href=\"http:\/\/www.linkwithin.com\/\"><img decoding=\"async\" src=\"http:\/\/www.linkwithin.com\/pixel.png\" alt=\"Related Posts Plugin for WordPress, Blogger...\" style=\"border: 0\" \/><\/a>","protected":false},"excerpt":{"rendered":"<p>02.09 &#8211; 03.09.2017 var det duket for Vestkystkatten sin internasjonale utstilling i Nordvesthallen. Av kattene mine hadde jeg med meg Nadina som stilte i veteranklassen (katter fylt 7 \u00e5r og eldre) og datteren Dixie som stiller som kastrat. &nbsp; &nbsp; &hellip; <a href=\"http:\/\/hakrilas.no\/blogg\/?p=3443\">Les videre <span class=\"meta-nav\">&rarr;<\/span><\/a><\/p>\n<script>\n<!-- \/\/LinkWithinCodeStart\nvar linkwithin_site_id = 1288025;\nvar linkwithin_div_class = \"linkwithin_hook\";\n\/\/LinkWithinCodeEnd -->\n<\/script>\n<script src=\"http:\/\/www.linkwithin.com\/widget.js\"><\/script>\n<a href=\"http:\/\/www.linkwithin.com\/\"><img decoding=\"async\" src=\"http:\/\/www.linkwithin.com\/pixel.png\" alt=\"Related Posts Plugin for WordPress, Blogger...\" style=\"border: 0\" \/><\/a>","protected":false},"author":1,"featured_media":0,"comment_status":"open","ping_status":"open","sticky":false,"template":"","format":"standard","meta":{"footnotes":""},"categories":[1032],"tags":[111,1033,229,1036,1037,1034,1035,228],"class_list":["post-3443","post","type-post","status-publish","format-standard","hentry","category-vestkystkatten-sin-utstilling-i-bilder","tag-abyssiner","tag-beste-veteran","tag-katteutstilling-2","tag-kristiansund","tag-nordvesthallen","tag-premier","tag-titttel","tag-vestkystkatten"],"aioseo_notices":[],"_links":{"self":[{"href":"http:\/\/hakrilas.no\/blogg\/index.php?rest_route=\/wp\/v2\/posts\/3443","targetHints":{"allow":["GET"]}}],"collection":[{"href":"http:\/\/hakrilas.no\/blogg\/index.php?rest_route=\/wp\/v2\/posts"}],"about":[{"href":"http:\/\/hakrilas.no\/blogg\/index.php?rest_route=\/wp\/v2\/types\/post"}],"author":[{"embeddable":true,"href":"http:\/\/hakrilas.no\/blogg\/index.php?rest_route=\/wp\/v2\/users\/1"}],"replies":[{"embeddable":true,"href":"http:\/\/hakrilas.no\/blogg\/index.php?rest_route=%2Fwp%2Fv2%2Fcomments&post=3443"}],"version-history":[{"count":1,"href":"http:\/\/hakrilas.no\/blogg\/index.php?rest_route=\/wp\/v2\/posts\/3443\/revisions"}],"predecessor-version":[{"id":3444,"href":"http:\/\/hakrilas.no\/blogg\/index.php?rest_route=\/wp\/v2\/posts\/3443\/revisions\/3444"}],"wp:attachment":[{"href":"http:\/\/hakrilas.no\/blogg\/index.php?rest_route=%2Fwp%2Fv2%2Fmedia&parent=3443"}],"wp:term":[{"taxonomy":"category","embeddable":true,"href":"http:\/\/hakrilas.no\/blogg\/index.php?rest_route=%2Fwp%2Fv2%2Fcategories&post=3443"},{"taxonomy":"post_tag","embeddable":true,"href":"http:\/\/hakrilas.no\/blogg\/index.php?rest_route=%2Fwp%2Fv2%2Ftags&post=3443"}],"curies":[{"name":"wp","href":"https:\/\/api.w.org\/{rel}","templated":true}]}}