{"id":2080,"date":"2015-06-23T11:01:57","date_gmt":"2015-06-23T09:01:57","guid":{"rendered":"http:\/\/hakrilas.no\/blogg\/?p=2080"},"modified":"2015-06-23T11:01:57","modified_gmt":"2015-06-23T09:01:57","slug":"sskimmerdals-elvis-4-maneder-gammel-og-fotografbilder-av-elvis","status":"publish","type":"post","link":"http:\/\/hakrilas.no\/blogg\/?p=2080","title":{"rendered":"S*SKIMMERDAL&#8217;S ELVIS 4 M\u00c5NEDER GAMMEL OG FOTOGRAFBILDER AV ELVIS :)"},"content":{"rendered":"<p style=\"text-align: left;\">I g\u00e5r 22.06.2015 ble lille Elvis 4 m\u00e5neder gammel. P\u00e5 de ukene etter han kom hit har han vokst. Han er s\u00e5 selvsikker og fremmelig liten gutt, og han er ikke redd for noe eller noen ting.<\/p>\n<p style=\"text-align: left;\">Dixie har adoptert ham som sin egen kattunge, for hun g\u00e5r rundt og lokker p\u00e5 ham, vasker ham, slikker ham og steller med ham.<\/p>\n<p style=\"text-align: left;\">Nadina har en pute i sofaen som hun elsker \u00e5 ligge p\u00e5, og den puta har v\u00e6rt Nadina sin, men den puta har hun ofret, og hun lar Elvis ligge og sove p\u00e5 den \ud83d\ude42 Vi har en likedan pute til i den andre sofaen som Nadina bruker. Det at Nadina lar Elvis f\u00e5 sove p\u00e5 puta er hennes m\u00e5te \u00e5 akseptere ham i flokken p\u00e5. Det er n\u00e5 sjelden eller aldri at Nadina freser mot Elvis lengre. De f\u00e5 gangene hun freser mot ham hopper Elvis p\u00e5 Nadina og tar tak i halen hennes. Elvis p\u00e5 sin side har respekt for dronning Nadina, og det har n\u00e5 Nadina forst\u00e5tt \ud83d\ude42<\/p>\n<p style=\"text-align: left;\">Til helgen som kommer er det utstilling. Det er klubben som jeg er med i som arrangerer utstillingen i Heimdalshallen i Trondheim \ud83d\ude42 Jeg gleder meg kjempemasse \ud83d\ude42 Elvis stiller p\u00e5 utstillingen for f\u00f8rste gang i kattungeklassen 3 &#8211; 7 m\u00e5neder. Det er rett og slett en tilvenning for Elvis \u00e5 delta p\u00e5 utstilling, og det skal bli spennedne \u00e5 se hvordan han reagerer p\u00e5 det \u00e5 v\u00e6re med p\u00e5 utstilling.<\/p>\n<p style=\"text-align: left;\">Nadina stiller i klasse 1. Det er den h\u00f8yeste klassen hun kan stille som fertil, og Nadina f\u00e5r utdelt HP (hederspris). I den klassen er det ingen konkurranse, for alle kattene som konkurrerer i klasse 1 f\u00e5r hedersprisen sin.<\/p>\n<p style=\"text-align: left;\">Dixie derimot konkurrerer i klasse 3, og har f\u00e5tt ett CACS-cert p\u00e5 veien mot \u00e5 bli Supreme Champion. N\u00e5 n\u00e5r Elvis blir stor nok skal Dixie f\u00e5 et kull med kattunger, for hun trenger litt mer tyngde p\u00e5 kroppen. Derfor stresser jeg ikke Dixie til \u00e5 bli Supreme. Jeg tar utstillingene med Dixie litt rolig. Dersom Dixie f\u00e5r ett kull vil hun f\u00e5 enn\u00e5 mer tyngde p\u00e5 kroppen sin enn hva hun har n\u00e5.<\/p>\n<p style=\"text-align: left;\">Jeg gleder meg kjempemasse til \u00e5 treffe gode rasekattvenner igjen \ud83d\ude42 Ikke minst gleder jeg meg til oppdretteren til Nadina kommer til Trondheim, og til at min abyssinervenninne Solfrid og hennes datter kommer til Trondheim \ud83d\ude42 Det er abyssinervenner jeg setter kjempestor pris p\u00e5 \ud83d\ude42<\/p>\n<p style=\"text-align: left;\">Legger ut noen bilder som er tatt av Elvis av en svensk fotograf. Hun heter Maria Westling. Maria tar kjempeflotte dyrebilder, og hun f\u00e5r frem personligheten til dyrene p\u00e5 bildene \ud83d\ude42 Bildene som Maria tar er jo rene kunstverket, og hun er kreativ n\u00e5r hun tar bilder av kattene \ud83d\ude42 Bes\u00f8k gjerne hennes hjemmeside her:\u00a0<a href=\"http:\/\/www.wmartphoto.se\/\">http:\/\/www.wmartphoto.se\/<\/a><\/p>\n<p style=\"text-align: left;\">Bildene av Elvis ble tatt i april i \u00e5r \ud83d\ude42<\/p>\n<p style=\"text-align: center;\"><a href=\"http:\/\/www.torilkremmervik.no\/blogg\/wp-content\/uploads\/2015\/06\/300415_elvis5.jpg\"><img loading=\"lazy\" decoding=\"async\" class=\"aligncenter size-full wp-image-3490\" title=\"300415_elvis5\" src=\"http:\/\/www.torilkremmervik.no\/blogg\/wp-content\/uploads\/2015\/06\/300415_elvis5.jpg\" alt=\"\" width=\"512\" height=\"339\" \/><\/a>S*Skimmerdal&#8217;S Elvis litt over 2 m\u00e5neder gammel &lt;3 \ud83d\ude42 Bildet er tatt av Maria Westling:\u00a0<a href=\"http:\/\/www.wmartphoto.se\/\">http:\/\/www.wmartphoto.se\/<\/a><\/p>\n<p style=\"text-align: center;\"><a href=\"http:\/\/www.torilkremmervik.no\/blogg\/wp-content\/uploads\/2015\/06\/300415_elvis6.jpg\"><img loading=\"lazy\" decoding=\"async\" class=\"aligncenter size-full wp-image-3491\" title=\"300415_elvis6\" src=\"http:\/\/www.torilkremmervik.no\/blogg\/wp-content\/uploads\/2015\/06\/300415_elvis6.jpg\" alt=\"\" width=\"512\" height=\"449\" \/><\/a>Godgutten Elvis &lt;3 \ud83d\ude42\u00a0Bildet er tatt av Maria Westling:\u00a0<a href=\"http:\/\/www.wmartphoto.se\/\">http:\/\/www.wmartphoto.se\/<\/a><\/p>\n<p style=\"text-align: center;\"><a href=\"http:\/\/www.torilkremmervik.no\/blogg\/wp-content\/uploads\/2015\/06\/300415_elvis7.jpg\"><img loading=\"lazy\" decoding=\"async\" class=\"aligncenter size-full wp-image-3492\" title=\"300415_elvis7\" src=\"http:\/\/www.torilkremmervik.no\/blogg\/wp-content\/uploads\/2015\/06\/300415_elvis7.jpg\" alt=\"\" width=\"512\" height=\"332\" \/><\/a>Her har Maria f\u00e5tt frem et typisk personlighetstrekk av Elvis p\u00e5 bildet, nemlig hans m\u00e5te \u00e5 n\u00e5r han ser noe som han skal unders\u00f8ke \ud83d\ude42 \u00a0Bildet er tatt av Maria Westling:\u00a0<a href=\"http:\/\/www.wmartphoto.se\/\">http:\/\/www.wmartphoto.se\/<\/a><\/p>\n<p style=\"text-align: center;\"><a href=\"http:\/\/www.torilkremmervik.no\/blogg\/wp-content\/uploads\/2015\/06\/300415_elvis8.jpg\"><img loading=\"lazy\" decoding=\"async\" class=\"aligncenter size-full wp-image-3493\" title=\"300415_elvis8\" src=\"http:\/\/www.torilkremmervik.no\/blogg\/wp-content\/uploads\/2015\/06\/300415_elvis8.jpg\" alt=\"\" width=\"320\" height=\"453\" \/><\/a>Selvsikre og nysgjerrige S*Skimmerdal&#8217;s Elvis &lt;3 \ud83d\ude42\u00a0Bildet er tatt av Maria Westling:\u00a0<a href=\"http:\/\/www.wmartphoto.se\/\">http:\/\/www.wmartphoto.se\/<\/a><\/p>\n<p style=\"text-align: left;\">Dersom dere vil f\u00f8lge meg p\u00e5 instagram er brukernavnet mitt: <strong>Abynadina<\/strong>. Dere er selvf\u00f8lgelig ogs\u00e5 hjertelig velkommen til \u00e5 f\u00f8lge meg og kattene p\u00e5 Snapchat. Brukernavnet mitt p\u00e5 Snapchat er: <strong>abyhakrilas<\/strong>.<\/p>\n<div class=\"linkwithin_hook\" id=\"http:\/\/hakrilas.no\/blogg\/?p=2080\"><\/div><script>\n<!-- \/\/LinkWithinCodeStart\nvar linkwithin_site_id = 1288025;\nvar linkwithin_div_class = \"linkwithin_hook\";\n\/\/LinkWithinCodeEnd -->\n<\/script>\n<script src=\"http:\/\/www.linkwithin.com\/widget.js\"><\/script>\n<a href=\"http:\/\/www.linkwithin.com\/\"><img decoding=\"async\" src=\"http:\/\/www.linkwithin.com\/pixel.png\" alt=\"Related Posts Plugin for WordPress, Blogger...\" style=\"border: 0\" \/><\/a>","protected":false},"excerpt":{"rendered":"<p>I g\u00e5r 22.06.2015 ble lille Elvis 4 m\u00e5neder gammel. P\u00e5 de ukene etter han kom hit har han vokst. Han er s\u00e5 selvsikker og fremmelig liten gutt, og han er ikke redd for noe eller noen ting. Dixie har adoptert &hellip; <a href=\"http:\/\/hakrilas.no\/blogg\/?p=2080\">Les videre <span class=\"meta-nav\">&rarr;<\/span><\/a><\/p>\n<script>\n<!-- \/\/LinkWithinCodeStart\nvar linkwithin_site_id = 1288025;\nvar linkwithin_div_class = \"linkwithin_hook\";\n\/\/LinkWithinCodeEnd -->\n<\/script>\n<script src=\"http:\/\/www.linkwithin.com\/widget.js\"><\/script>\n<a href=\"http:\/\/www.linkwithin.com\/\"><img decoding=\"async\" src=\"http:\/\/www.linkwithin.com\/pixel.png\" alt=\"Related Posts Plugin for WordPress, Blogger...\" style=\"border: 0\" \/><\/a>","protected":false},"author":1,"featured_media":0,"comment_status":"open","ping_status":"open","sticky":false,"template":"","format":"standard","meta":{"footnotes":""},"categories":[285],"tags":[363,360,277,365],"class_list":["post-2080","post","type-post","status-publish","format-standard","hentry","category-elvis-4-maneder-gammel","tag-bilder","tag-oppdatering","tag-sskimmerdals-elvis","tag-utstilling"],"aioseo_notices":[],"_links":{"self":[{"href":"http:\/\/hakrilas.no\/blogg\/index.php?rest_route=\/wp\/v2\/posts\/2080","targetHints":{"allow":["GET"]}}],"collection":[{"href":"http:\/\/hakrilas.no\/blogg\/index.php?rest_route=\/wp\/v2\/posts"}],"about":[{"href":"http:\/\/hakrilas.no\/blogg\/index.php?rest_route=\/wp\/v2\/types\/post"}],"author":[{"embeddable":true,"href":"http:\/\/hakrilas.no\/blogg\/index.php?rest_route=\/wp\/v2\/users\/1"}],"replies":[{"embeddable":true,"href":"http:\/\/hakrilas.no\/blogg\/index.php?rest_route=%2Fwp%2Fv2%2Fcomments&post=2080"}],"version-history":[{"count":1,"href":"http:\/\/hakrilas.no\/blogg\/index.php?rest_route=\/wp\/v2\/posts\/2080\/revisions"}],"predecessor-version":[{"id":2081,"href":"http:\/\/hakrilas.no\/blogg\/index.php?rest_route=\/wp\/v2\/posts\/2080\/revisions\/2081"}],"wp:attachment":[{"href":"http:\/\/hakrilas.no\/blogg\/index.php?rest_route=%2Fwp%2Fv2%2Fmedia&parent=2080"}],"wp:term":[{"taxonomy":"category","embeddable":true,"href":"http:\/\/hakrilas.no\/blogg\/index.php?rest_route=%2Fwp%2Fv2%2Fcategories&post=2080"},{"taxonomy":"post_tag","embeddable":true,"href":"http:\/\/hakrilas.no\/blogg\/index.php?rest_route=%2Fwp%2Fv2%2Ftags&post=2080"}],"curies":[{"name":"wp","href":"https:\/\/api.w.org\/{rel}","templated":true}]}}